{"id":404,"date":"2024-08-26T15:18:13","date_gmt":"2024-08-26T15:18:13","guid":{"rendered":"https:\/\/taxisalmansa.com\/?p=404"},"modified":"2024-09-09T10:18:51","modified_gmt":"2024-09-09T10:18:51","slug":"taxi-adaptado","status":"publish","type":"post","link":"https:\/\/taxisalmansa.com\/index.php\/2024\/08\/26\/taxi-adaptado\/","title":{"rendered":"Taxi Adaptado"},"content":{"rendered":"\t\t<div data-elementor-type=\"wp-post\" data-elementor-id=\"404\" class=\"elementor elementor-404\">\n\t\t\t\t\t\t<section class=\"elementor-section elementor-top-section elementor-element elementor-element-8f88ab7 elementor-section-boxed elementor-section-height-default elementor-section-height-default\" data-id=\"8f88ab7\" data-element_type=\"section\">\n\t\t\t\t\t\t<div class=\"elementor-container elementor-column-gap-default\">\n\t\t\t\t\t<div class=\"elementor-column elementor-col-100 elementor-top-column elementor-element elementor-element-7c60906\" data-id=\"7c60906\" data-element_type=\"column\">\n\t\t\t<div class=\"elementor-widget-wrap elementor-element-populated\">\n\t\t\t\t\t\t<div class=\"elementor-element elementor-element-c77fe0e elementor-widget elementor-widget-heading\" data-id=\"c77fe0e\" data-element_type=\"widget\" data-widget_type=\"heading.default\">\n\t\t\t\t<div class=\"elementor-widget-container\">\n\t\t\t<style>\/*! elementor - v3.20.0 - 26-03-2024 *\/\n.elementor-heading-title{padding:0;margin:0;line-height:1}.elementor-widget-heading .elementor-heading-title[class*=elementor-size-]>a{color:inherit;font-size:inherit;line-height:inherit}.elementor-widget-heading .elementor-heading-title.elementor-size-small{font-size:15px}.elementor-widget-heading .elementor-heading-title.elementor-size-medium{font-size:19px}.elementor-widget-heading .elementor-heading-title.elementor-size-large{font-size:29px}.elementor-widget-heading .elementor-heading-title.elementor-size-xl{font-size:39px}.elementor-widget-heading .elementor-heading-title.elementor-size-xxl{font-size:59px}<\/style><h2 class=\"elementor-heading-title elementor-size-default\">Taxi Adaptado en Almansa<\/h2>\t\t<\/div>\n\t\t\t\t<\/div>\n\t\t\t\t\t<\/div>\n\t\t<\/div>\n\t\t\t\t\t<\/div>\n\t\t<\/section>\n\t\t\t\t<section class=\"elementor-section elementor-top-section elementor-element elementor-element-5f389e56 elementor-section-boxed elementor-section-height-default elementor-section-height-default\" data-id=\"5f389e56\" data-element_type=\"section\">\n\t\t\t\t\t\t<div class=\"elementor-container elementor-column-gap-default\">\n\t\t\t\t\t<div class=\"elementor-column elementor-col-100 elementor-top-column elementor-element elementor-element-7c3e739d\" data-id=\"7c3e739d\" data-element_type=\"column\">\n\t\t\t<div class=\"elementor-widget-wrap elementor-element-populated\">\n\t\t\t\t\t\t<div class=\"elementor-element elementor-element-7051f9d0 elementor-widget elementor-widget-text-editor\" data-id=\"7051f9d0\" data-element_type=\"widget\" data-widget_type=\"text-editor.default\">\n\t\t\t\t<div class=\"elementor-widget-container\">\n\t\t\t<style>\/*! elementor - v3.20.0 - 26-03-2024 *\/\n.elementor-widget-text-editor.elementor-drop-cap-view-stacked .elementor-drop-cap{background-color:#69727d;color:#fff}.elementor-widget-text-editor.elementor-drop-cap-view-framed .elementor-drop-cap{color:#69727d;border:3px solid;background-color:transparent}.elementor-widget-text-editor:not(.elementor-drop-cap-view-default) .elementor-drop-cap{margin-top:8px}.elementor-widget-text-editor:not(.elementor-drop-cap-view-default) .elementor-drop-cap-letter{width:1em;height:1em}.elementor-widget-text-editor .elementor-drop-cap{float:left;text-align:center;line-height:1;font-size:50px}.elementor-widget-text-editor .elementor-drop-cap-letter{display:inline-block}<\/style>\t\t\t\t<!-- wp:paragraph -->\n<p>Taxi adaptado en Almansa<\/p>\n<!-- \/wp:paragraph -->\n\n<!-- wp:paragraph -->\n<p>Proximamente Almansa va a tener taxi adaptado para personas con PMR<\/p>\n<!-- \/wp:paragraph -->\n\n<!-- wp:paragraph -->\n<p>Para m\u00e1s informaci\u00f3n ll\u00e1menos le informaremos sin compromiso.<\/p>\n<!-- \/wp:paragraph -->\n\n<!-- wp:paragraph -->\n<p><\/p>\n<!-- \/wp:paragraph -->\t\t\t\t\t\t<\/div>\n\t\t\t\t<\/div>\n\t\t\t\t\t<\/div>\n\t\t<\/div>\n\t\t\t\t\t<\/div>\n\t\t<\/section>\n\t\t\t\t<\/div>\n\t\t","protected":false},"excerpt":{"rendered":"<p>Taxi Adaptado en Almansa Taxi adaptado en Almansa Proximamente Almansa va a tener taxi adaptado para personas con PMR Para m\u00e1s informaci\u00f3n ll\u00e1menos le informaremos sin compromiso.<\/p>\n","protected":false},"author":1,"featured_media":434,"comment_status":"closed","ping_status":"closed","sticky":false,"template":"elementor_header_footer","format":"standard","meta":{"footnotes":""},"categories":[1],"tags":[],"class_list":["post-404","post","type-post","status-publish","format-standard","has-post-thumbnail","hentry","category-sin-categoria"],"yoast_head":"<!-- This site is optimized with the Yoast SEO plugin v23.3 - https:\/\/yoast.com\/wordpress\/plugins\/seo\/ -->\n<title>Taxi Adaptado - Taxis Almansa<\/title>\n<meta name=\"description\" content=\"Taxi adaptado en Almansa proximamente... Para mas informaci\u00f3n ll\u00e1menos... Taxi pmr en almansa con rampa automatica\" \/>\n<meta name=\"robots\" content=\"index, follow, max-snippet:-1, max-image-preview:large, max-video-preview:-1\" \/>\n<link rel=\"canonical\" href=\"https:\/\/taxisalmansa.com\/index.php\/2024\/08\/26\/taxi-adaptado\/\" \/>\n<meta property=\"og:locale\" content=\"es_ES\" \/>\n<meta property=\"og:type\" content=\"article\" \/>\n<meta property=\"og:title\" content=\"Taxi Adaptado - Taxis Almansa\" \/>\n<meta property=\"og:description\" content=\"Taxi adaptado en Almansa proximamente... Para mas informaci\u00f3n ll\u00e1menos... Taxi pmr en almansa con rampa automatica\" \/>\n<meta property=\"og:url\" content=\"https:\/\/taxisalmansa.com\/index.php\/2024\/08\/26\/taxi-adaptado\/\" \/>\n<meta property=\"og:site_name\" content=\"Taxis Almansa\" \/>\n<meta property=\"article:published_time\" content=\"2024-08-26T15:18:13+00:00\" \/>\n<meta property=\"article:modified_time\" content=\"2024-09-09T10:18:51+00:00\" \/>\n<meta property=\"og:image\" content=\"https:\/\/taxisalmansa.com\/wp-content\/uploads\/2024\/09\/Captura-1.png\" \/>\n\t<meta property=\"og:image:width\" content=\"474\" \/>\n\t<meta property=\"og:image:height\" content=\"439\" \/>\n\t<meta property=\"og:image:type\" content=\"image\/png\" \/>\n<meta name=\"author\" content=\"taxisalmansa\" \/>\n<meta name=\"twitter:card\" content=\"summary_large_image\" \/>\n<meta name=\"twitter:label1\" content=\"Escrito por\" \/>\n\t<meta name=\"twitter:data1\" content=\"taxisalmansa\" \/>\n<script type=\"application\/ld+json\" class=\"yoast-schema-graph\">{\"@context\":\"https:\/\/schema.org\",\"@graph\":[{\"@type\":\"Article\",\"@id\":\"https:\/\/taxisalmansa.com\/index.php\/2024\/08\/26\/taxi-adaptado\/#article\",\"isPartOf\":{\"@id\":\"https:\/\/taxisalmansa.com\/index.php\/2024\/08\/26\/taxi-adaptado\/\"},\"author\":{\"name\":\"taxisalmansa\",\"@id\":\"https:\/\/taxisalmansa.com\/#\/schema\/person\/7df9637ba4a9f9f17b33380662901234\"},\"headline\":\"Taxi Adaptado\",\"datePublished\":\"2024-08-26T15:18:13+00:00\",\"dateModified\":\"2024-09-09T10:18:51+00:00\",\"mainEntityOfPage\":{\"@id\":\"https:\/\/taxisalmansa.com\/index.php\/2024\/08\/26\/taxi-adaptado\/\"},\"wordCount\":32,\"publisher\":{\"@id\":\"https:\/\/taxisalmansa.com\/#organization\"},\"image\":{\"@id\":\"https:\/\/taxisalmansa.com\/index.php\/2024\/08\/26\/taxi-adaptado\/#primaryimage\"},\"thumbnailUrl\":\"https:\/\/taxisalmansa.com\/wp-content\/uploads\/2024\/09\/Captura-1.png\",\"inLanguage\":\"es\"},{\"@type\":\"WebPage\",\"@id\":\"https:\/\/taxisalmansa.com\/index.php\/2024\/08\/26\/taxi-adaptado\/\",\"url\":\"https:\/\/taxisalmansa.com\/index.php\/2024\/08\/26\/taxi-adaptado\/\",\"name\":\"Taxi Adaptado - Taxis Almansa\",\"isPartOf\":{\"@id\":\"https:\/\/taxisalmansa.com\/#website\"},\"primaryImageOfPage\":{\"@id\":\"https:\/\/taxisalmansa.com\/index.php\/2024\/08\/26\/taxi-adaptado\/#primaryimage\"},\"image\":{\"@id\":\"https:\/\/taxisalmansa.com\/index.php\/2024\/08\/26\/taxi-adaptado\/#primaryimage\"},\"thumbnailUrl\":\"https:\/\/taxisalmansa.com\/wp-content\/uploads\/2024\/09\/Captura-1.png\",\"datePublished\":\"2024-08-26T15:18:13+00:00\",\"dateModified\":\"2024-09-09T10:18:51+00:00\",\"description\":\"Taxi adaptado en Almansa proximamente... Para mas informaci\u00f3n ll\u00e1menos... Taxi pmr en almansa con rampa automatica\",\"breadcrumb\":{\"@id\":\"https:\/\/taxisalmansa.com\/index.php\/2024\/08\/26\/taxi-adaptado\/#breadcrumb\"},\"inLanguage\":\"es\",\"potentialAction\":[{\"@type\":\"ReadAction\",\"target\":[\"https:\/\/taxisalmansa.com\/index.php\/2024\/08\/26\/taxi-adaptado\/\"]}]},{\"@type\":\"ImageObject\",\"inLanguage\":\"es\",\"@id\":\"https:\/\/taxisalmansa.com\/index.php\/2024\/08\/26\/taxi-adaptado\/#primaryimage\",\"url\":\"https:\/\/taxisalmansa.com\/wp-content\/uploads\/2024\/09\/Captura-1.png\",\"contentUrl\":\"https:\/\/taxisalmansa.com\/wp-content\/uploads\/2024\/09\/Captura-1.png\",\"width\":474,\"height\":439,\"caption\":\"Taxi Adaptado en Almansa\"},{\"@type\":\"BreadcrumbList\",\"@id\":\"https:\/\/taxisalmansa.com\/index.php\/2024\/08\/26\/taxi-adaptado\/#breadcrumb\",\"itemListElement\":[{\"@type\":\"ListItem\",\"position\":1,\"name\":\"Portada\",\"item\":\"https:\/\/taxisalmansa.com\/\"},{\"@type\":\"ListItem\",\"position\":2,\"name\":\"Taxi Adaptado\"}]},{\"@type\":\"WebSite\",\"@id\":\"https:\/\/taxisalmansa.com\/#website\",\"url\":\"https:\/\/taxisalmansa.com\/\",\"name\":\"Taxis en Almansa\",\"description\":\"Taxis en Almansa 24horas\/365 dias del a\u00f1o\/Taxi Adaptado en Almansa\",\"publisher\":{\"@id\":\"https:\/\/taxisalmansa.com\/#organization\"},\"alternateName\":\"Taxis en Almansa, Taxi adaptado en almansa\",\"potentialAction\":[{\"@type\":\"SearchAction\",\"target\":{\"@type\":\"EntryPoint\",\"urlTemplate\":\"https:\/\/taxisalmansa.com\/?s={search_term_string}\"},\"query-input\":\"required name=search_term_string\"}],\"inLanguage\":\"es\"},{\"@type\":\"Organization\",\"@id\":\"https:\/\/taxisalmansa.com\/#organization\",\"name\":\"Taxis Almansa\",\"url\":\"https:\/\/taxisalmansa.com\/\",\"logo\":{\"@type\":\"ImageObject\",\"inLanguage\":\"es\",\"@id\":\"https:\/\/taxisalmansa.com\/#\/schema\/logo\/image\/\",\"url\":\"https:\/\/taxisalmansa.com\/wp-content\/uploads\/2021\/09\/cropped-PRUEBA1_FIN.png\",\"contentUrl\":\"https:\/\/taxisalmansa.com\/wp-content\/uploads\/2021\/09\/cropped-PRUEBA1_FIN.png\",\"width\":752,\"height\":284,\"caption\":\"Taxis Almansa\"},\"image\":{\"@id\":\"https:\/\/taxisalmansa.com\/#\/schema\/logo\/image\/\"}},{\"@type\":\"Person\",\"@id\":\"https:\/\/taxisalmansa.com\/#\/schema\/person\/7df9637ba4a9f9f17b33380662901234\",\"name\":\"taxisalmansa\",\"image\":{\"@type\":\"ImageObject\",\"inLanguage\":\"es\",\"@id\":\"https:\/\/taxisalmansa.com\/#\/schema\/person\/image\/\",\"url\":\"https:\/\/taxisalmansa.com\/wp-content\/litespeed\/avatar\/b4160c15eb394e82621a70905b11f9c6.jpg?ver=1777126862\",\"contentUrl\":\"https:\/\/taxisalmansa.com\/wp-content\/litespeed\/avatar\/b4160c15eb394e82621a70905b11f9c6.jpg?ver=1777126862\",\"caption\":\"taxisalmansa\"},\"sameAs\":[\"https:\/\/taxisalmansa.com\"],\"url\":\"https:\/\/taxisalmansa.com\/index.php\/author\/taxisalmansa\/\"}]}<\/script>\n<!-- \/ Yoast SEO plugin. -->","yoast_head_json":{"title":"Taxi Adaptado - Taxis Almansa","description":"Taxi adaptado en Almansa proximamente... Para mas informaci\u00f3n ll\u00e1menos... Taxi pmr en almansa con rampa automatica","robots":{"index":"index","follow":"follow","max-snippet":"max-snippet:-1","max-image-preview":"max-image-preview:large","max-video-preview":"max-video-preview:-1"},"canonical":"https:\/\/taxisalmansa.com\/index.php\/2024\/08\/26\/taxi-adaptado\/","og_locale":"es_ES","og_type":"article","og_title":"Taxi Adaptado - Taxis Almansa","og_description":"Taxi adaptado en Almansa proximamente... Para mas informaci\u00f3n ll\u00e1menos... Taxi pmr en almansa con rampa automatica","og_url":"https:\/\/taxisalmansa.com\/index.php\/2024\/08\/26\/taxi-adaptado\/","og_site_name":"Taxis Almansa","article_published_time":"2024-08-26T15:18:13+00:00","article_modified_time":"2024-09-09T10:18:51+00:00","og_image":[{"width":474,"height":439,"url":"https:\/\/taxisalmansa.com\/wp-content\/uploads\/2024\/09\/Captura-1.png","type":"image\/png"}],"author":"taxisalmansa","twitter_card":"summary_large_image","twitter_misc":{"Escrito por":"taxisalmansa"},"schema":{"@context":"https:\/\/schema.org","@graph":[{"@type":"Article","@id":"https:\/\/taxisalmansa.com\/index.php\/2024\/08\/26\/taxi-adaptado\/#article","isPartOf":{"@id":"https:\/\/taxisalmansa.com\/index.php\/2024\/08\/26\/taxi-adaptado\/"},"author":{"name":"taxisalmansa","@id":"https:\/\/taxisalmansa.com\/#\/schema\/person\/7df9637ba4a9f9f17b33380662901234"},"headline":"Taxi Adaptado","datePublished":"2024-08-26T15:18:13+00:00","dateModified":"2024-09-09T10:18:51+00:00","mainEntityOfPage":{"@id":"https:\/\/taxisalmansa.com\/index.php\/2024\/08\/26\/taxi-adaptado\/"},"wordCount":32,"publisher":{"@id":"https:\/\/taxisalmansa.com\/#organization"},"image":{"@id":"https:\/\/taxisalmansa.com\/index.php\/2024\/08\/26\/taxi-adaptado\/#primaryimage"},"thumbnailUrl":"https:\/\/taxisalmansa.com\/wp-content\/uploads\/2024\/09\/Captura-1.png","inLanguage":"es"},{"@type":"WebPage","@id":"https:\/\/taxisalmansa.com\/index.php\/2024\/08\/26\/taxi-adaptado\/","url":"https:\/\/taxisalmansa.com\/index.php\/2024\/08\/26\/taxi-adaptado\/","name":"Taxi Adaptado - Taxis Almansa","isPartOf":{"@id":"https:\/\/taxisalmansa.com\/#website"},"primaryImageOfPage":{"@id":"https:\/\/taxisalmansa.com\/index.php\/2024\/08\/26\/taxi-adaptado\/#primaryimage"},"image":{"@id":"https:\/\/taxisalmansa.com\/index.php\/2024\/08\/26\/taxi-adaptado\/#primaryimage"},"thumbnailUrl":"https:\/\/taxisalmansa.com\/wp-content\/uploads\/2024\/09\/Captura-1.png","datePublished":"2024-08-26T15:18:13+00:00","dateModified":"2024-09-09T10:18:51+00:00","description":"Taxi adaptado en Almansa proximamente... Para mas informaci\u00f3n ll\u00e1menos... Taxi pmr en almansa con rampa automatica","breadcrumb":{"@id":"https:\/\/taxisalmansa.com\/index.php\/2024\/08\/26\/taxi-adaptado\/#breadcrumb"},"inLanguage":"es","potentialAction":[{"@type":"ReadAction","target":["https:\/\/taxisalmansa.com\/index.php\/2024\/08\/26\/taxi-adaptado\/"]}]},{"@type":"ImageObject","inLanguage":"es","@id":"https:\/\/taxisalmansa.com\/index.php\/2024\/08\/26\/taxi-adaptado\/#primaryimage","url":"https:\/\/taxisalmansa.com\/wp-content\/uploads\/2024\/09\/Captura-1.png","contentUrl":"https:\/\/taxisalmansa.com\/wp-content\/uploads\/2024\/09\/Captura-1.png","width":474,"height":439,"caption":"Taxi Adaptado en Almansa"},{"@type":"BreadcrumbList","@id":"https:\/\/taxisalmansa.com\/index.php\/2024\/08\/26\/taxi-adaptado\/#breadcrumb","itemListElement":[{"@type":"ListItem","position":1,"name":"Portada","item":"https:\/\/taxisalmansa.com\/"},{"@type":"ListItem","position":2,"name":"Taxi Adaptado"}]},{"@type":"WebSite","@id":"https:\/\/taxisalmansa.com\/#website","url":"https:\/\/taxisalmansa.com\/","name":"Taxis en Almansa","description":"Taxis en Almansa 24horas\/365 dias del a\u00f1o\/Taxi Adaptado en Almansa","publisher":{"@id":"https:\/\/taxisalmansa.com\/#organization"},"alternateName":"Taxis en Almansa, Taxi adaptado en almansa","potentialAction":[{"@type":"SearchAction","target":{"@type":"EntryPoint","urlTemplate":"https:\/\/taxisalmansa.com\/?s={search_term_string}"},"query-input":"required name=search_term_string"}],"inLanguage":"es"},{"@type":"Organization","@id":"https:\/\/taxisalmansa.com\/#organization","name":"Taxis Almansa","url":"https:\/\/taxisalmansa.com\/","logo":{"@type":"ImageObject","inLanguage":"es","@id":"https:\/\/taxisalmansa.com\/#\/schema\/logo\/image\/","url":"https:\/\/taxisalmansa.com\/wp-content\/uploads\/2021\/09\/cropped-PRUEBA1_FIN.png","contentUrl":"https:\/\/taxisalmansa.com\/wp-content\/uploads\/2021\/09\/cropped-PRUEBA1_FIN.png","width":752,"height":284,"caption":"Taxis Almansa"},"image":{"@id":"https:\/\/taxisalmansa.com\/#\/schema\/logo\/image\/"}},{"@type":"Person","@id":"https:\/\/taxisalmansa.com\/#\/schema\/person\/7df9637ba4a9f9f17b33380662901234","name":"taxisalmansa","image":{"@type":"ImageObject","inLanguage":"es","@id":"https:\/\/taxisalmansa.com\/#\/schema\/person\/image\/","url":"https:\/\/taxisalmansa.com\/wp-content\/litespeed\/avatar\/b4160c15eb394e82621a70905b11f9c6.jpg?ver=1777126862","contentUrl":"https:\/\/taxisalmansa.com\/wp-content\/litespeed\/avatar\/b4160c15eb394e82621a70905b11f9c6.jpg?ver=1777126862","caption":"taxisalmansa"},"sameAs":["https:\/\/taxisalmansa.com"],"url":"https:\/\/taxisalmansa.com\/index.php\/author\/taxisalmansa\/"}]}},"_links":{"self":[{"href":"https:\/\/taxisalmansa.com\/index.php\/wp-json\/wp\/v2\/posts\/404","targetHints":{"allow":["GET"]}}],"collection":[{"href":"https:\/\/taxisalmansa.com\/index.php\/wp-json\/wp\/v2\/posts"}],"about":[{"href":"https:\/\/taxisalmansa.com\/index.php\/wp-json\/wp\/v2\/types\/post"}],"author":[{"embeddable":true,"href":"https:\/\/taxisalmansa.com\/index.php\/wp-json\/wp\/v2\/users\/1"}],"replies":[{"embeddable":true,"href":"https:\/\/taxisalmansa.com\/index.php\/wp-json\/wp\/v2\/comments?post=404"}],"version-history":[{"count":4,"href":"https:\/\/taxisalmansa.com\/index.php\/wp-json\/wp\/v2\/posts\/404\/revisions"}],"predecessor-version":[{"id":408,"href":"https:\/\/taxisalmansa.com\/index.php\/wp-json\/wp\/v2\/posts\/404\/revisions\/408"}],"wp:featuredmedia":[{"embeddable":true,"href":"https:\/\/taxisalmansa.com\/index.php\/wp-json\/wp\/v2\/media\/434"}],"wp:attachment":[{"href":"https:\/\/taxisalmansa.com\/index.php\/wp-json\/wp\/v2\/media?parent=404"}],"wp:term":[{"taxonomy":"category","embeddable":true,"href":"https:\/\/taxisalmansa.com\/index.php\/wp-json\/wp\/v2\/categories?post=404"},{"taxonomy":"post_tag","embeddable":true,"href":"https:\/\/taxisalmansa.com\/index.php\/wp-json\/wp\/v2\/tags?post=404"}],"curies":[{"name":"wp","href":"https:\/\/api.w.org\/{rel}","templated":true}]}}